{"id":172,"date":"2022-01-18T10:40:48","date_gmt":"2022-01-18T10:40:48","guid":{"rendered":"https:\/\/seckinger-weine.de\/mamp\/biodynamische-bewirtschaftung\/"},"modified":"2022-01-31T09:27:35","modified_gmt":"2022-01-31T09:27:35","slug":"biodynamische-bewirtschaftung","status":"publish","type":"post","link":"https:\/\/seckinger-weine.de\/en\/kategorie\/biodynamische-bewirtschaftung\/","title":{"rendered":"Biodynamische Bewirtschaftung"},"content":{"rendered":"<div data-elementor-type=\"wp-post\" data-elementor-id=\"172\" class=\"elementor elementor-172\" data-elementor-settings=\"[]\">\n\t\t\t\t\t\t\t<div class=\"elementor-section-wrap\">\n\t\t\t\t\t\t\t<section class=\"elementor-section elementor-top-section elementor-element elementor-element-74b4d89a elementor-section-boxed elementor-section-height-default elementor-section-height-default\" data-id=\"74b4d89a\" data-element_type=\"section\" data-settings=\"{&quot;jet_parallax_layout_list&quot;:[{&quot;_id&quot;:&quot;79fa455&quot;,&quot;jet_parallax_layout_image&quot;:{&quot;url&quot;:&quot;&quot;,&quot;id&quot;:&quot;&quot;},&quot;jet_parallax_layout_image_tablet&quot;:{&quot;url&quot;:&quot;&quot;,&quot;id&quot;:&quot;&quot;},&quot;jet_parallax_layout_image_mobile&quot;:{&quot;url&quot;:&quot;&quot;,&quot;id&quot;:&quot;&quot;},&quot;jet_parallax_layout_speed&quot;:{&quot;unit&quot;:&quot;%&quot;,&quot;size&quot;:50,&quot;sizes&quot;:[]},&quot;jet_parallax_layout_type&quot;:&quot;scroll&quot;,&quot;jet_parallax_layout_direction&quot;:null,&quot;jet_parallax_layout_fx_direction&quot;:null,&quot;jet_parallax_layout_z_index&quot;:&quot;&quot;,&quot;jet_parallax_layout_bg_x&quot;:50,&quot;jet_parallax_layout_bg_x_tablet&quot;:&quot;&quot;,&quot;jet_parallax_layout_bg_x_mobile&quot;:&quot;&quot;,&quot;jet_parallax_layout_bg_y&quot;:50,&quot;jet_parallax_layout_bg_y_tablet&quot;:&quot;&quot;,&quot;jet_parallax_layout_bg_y_mobile&quot;:&quot;&quot;,&quot;jet_parallax_layout_bg_size&quot;:&quot;auto&quot;,&quot;jet_parallax_layout_bg_size_tablet&quot;:&quot;&quot;,&quot;jet_parallax_layout_bg_size_mobile&quot;:&quot;&quot;,&quot;jet_parallax_layout_animation_prop&quot;:&quot;transform&quot;,&quot;jet_parallax_layout_on&quot;:[&quot;desktop&quot;,&quot;tablet&quot;]}]}\">\n\t\t\t\t\t\t<div class=\"elementor-container elementor-column-gap-default\">\n\t\t\t\t\t<div class=\"elementor-column elementor-col-100 elementor-top-column elementor-element elementor-element-1e527e4b\" data-id=\"1e527e4b\" data-element_type=\"column\">\n\t\t\t<div class=\"elementor-widget-wrap elementor-element-populated\">\n\t\t\t\t\t\t\t\t<div class=\"elementor-element elementor-element-3aea24c7 elementor-widget elementor-widget-spacer\" data-id=\"3aea24c7\" data-element_type=\"widget\" data-widget_type=\"spacer.default\">\n\t\t\t\t\t\t<div class=\"elementor-widget-container\">\n\t\t\t\t\t<div class=\"elementor-spacer\">\n\t\t\t<div class=\"elementor-spacer-inner\"><\/div>\n\t\t<\/div>\n\t\t\t\t<\/div>\n\t\t\t\t<\/div>\n\t\t\t\t\t<\/div>\n\t\t<\/div>\n\t\t\t\t\t\t\t<\/div>\n\t\t<\/section>\n\t\t\t\t<section class=\"elementor-section elementor-top-section elementor-element elementor-element-40904fb0 elementor-section-full_width elementor-section-height-default elementor-section-height-default\" data-id=\"40904fb0\" data-element_type=\"section\" data-settings=\"{&quot;jet_parallax_layout_list&quot;:[{&quot;_id&quot;:&quot;d613e63&quot;,&quot;jet_parallax_layout_image&quot;:{&quot;url&quot;:&quot;&quot;,&quot;id&quot;:&quot;&quot;},&quot;jet_parallax_layout_image_tablet&quot;:{&quot;url&quot;:&quot;&quot;,&quot;id&quot;:&quot;&quot;},&quot;jet_parallax_layout_image_mobile&quot;:{&quot;url&quot;:&quot;&quot;,&quot;id&quot;:&quot;&quot;},&quot;jet_parallax_layout_speed&quot;:{&quot;unit&quot;:&quot;%&quot;,&quot;size&quot;:50,&quot;sizes&quot;:[]},&quot;jet_parallax_layout_type&quot;:&quot;scroll&quot;,&quot;jet_parallax_layout_direction&quot;:null,&quot;jet_parallax_layout_fx_direction&quot;:null,&quot;jet_parallax_layout_z_index&quot;:&quot;&quot;,&quot;jet_parallax_layout_bg_x&quot;:50,&quot;jet_parallax_layout_bg_x_tablet&quot;:&quot;&quot;,&quot;jet_parallax_layout_bg_x_mobile&quot;:&quot;&quot;,&quot;jet_parallax_layout_bg_y&quot;:50,&quot;jet_parallax_layout_bg_y_tablet&quot;:&quot;&quot;,&quot;jet_parallax_layout_bg_y_mobile&quot;:&quot;&quot;,&quot;jet_parallax_layout_bg_size&quot;:&quot;auto&quot;,&quot;jet_parallax_layout_bg_size_tablet&quot;:&quot;&quot;,&quot;jet_parallax_layout_bg_size_mobile&quot;:&quot;&quot;,&quot;jet_parallax_layout_animation_prop&quot;:&quot;transform&quot;,&quot;jet_parallax_layout_on&quot;:[&quot;desktop&quot;,&quot;tablet&quot;]}]}\">\n\t\t\t\t\t\t<div class=\"elementor-container elementor-column-gap-default\">\n\t\t\t\t\t<div class=\"elementor-column elementor-col-50 elementor-top-column elementor-element elementor-element-7581a1c8\" data-id=\"7581a1c8\" data-element_type=\"column\">\n\t\t\t<div class=\"elementor-widget-wrap elementor-element-populated\">\n\t\t\t\t\t\t\t\t<div class=\"elementor-element elementor-element-c7b0332 elementor-widget elementor-widget-image\" data-id=\"c7b0332\" data-element_type=\"widget\" data-widget_type=\"image.default\">\n\t\t\t\t\t\t<div class=\"elementor-widget-container\">\n\t\t\t<style>\/*! elementor - v3.5.3 - 28-12-2021 *\/\n.elementor-widget-image{text-align:center}.elementor-widget-image a{display:inline-block}.elementor-widget-image a img[src$=\".svg\"]{width:48px}.elementor-widget-image img{vertical-align:middle;display:inline-block}<\/style>\t\t\t\t\t\t\t\t\t\t\t\t<img decoding=\"async\" loading=\"lazy\" width=\"1024\" height=\"683\" src=\"https:\/\/seckinger-weine.de\/wp-content\/uploads\/2022\/01\/TW-Seckinger2021-503-1024x683.jpeg\" class=\"attachment-large size-large\" alt=\"\" srcset=\"https:\/\/seckinger-weine.de\/wp-content\/uploads\/2022\/01\/TW-Seckinger2021-503-1024x683.jpeg 1024w, https:\/\/seckinger-weine.de\/wp-content\/uploads\/2022\/01\/TW-Seckinger2021-503-300x200.jpeg 300w, https:\/\/seckinger-weine.de\/wp-content\/uploads\/2022\/01\/TW-Seckinger2021-503-768x512.jpeg 768w, https:\/\/seckinger-weine.de\/wp-content\/uploads\/2022\/01\/TW-Seckinger2021-503-1536x1024.jpeg 1536w, https:\/\/seckinger-weine.de\/wp-content\/uploads\/2022\/01\/TW-Seckinger2021-503.jpeg 1920w\" sizes=\"(max-width: 1024px) 100vw, 1024px\" \/>\t\t\t\t\t\t\t\t\t\t\t\t\t\t\t<\/div>\n\t\t\t\t<\/div>\n\t\t\t\t\t<\/div>\n\t\t<\/div>\n\t\t\t\t<div class=\"elementor-column elementor-col-50 elementor-top-column elementor-element elementor-element-4f180353\" data-id=\"4f180353\" data-element_type=\"column\">\n\t\t\t<div class=\"elementor-widget-wrap elementor-element-populated\">\n\t\t\t\t\t\t\t\t<div class=\"elementor-element elementor-element-380a19be elementor-widget elementor-widget-heading\" data-id=\"380a19be\" data-element_type=\"widget\" data-settings=\"{&quot;sticky&quot;:&quot;top&quot;,&quot;sticky_offset&quot;:75,&quot;sticky_on&quot;:[&quot;desktop&quot;,&quot;tablet&quot;,&quot;mobile&quot;],&quot;sticky_effects_offset&quot;:0}\" data-widget_type=\"heading.default\">\n\t\t\t\t\t\t<div class=\"elementor-widget-container\">\n\t\t\t<style>\/*! elementor - v3.5.3 - 28-12-2021 *\/\n.elementor-heading-title{padding:0;margin:0;line-height:1}.elementor-widget-heading .elementor-heading-title[class*=elementor-size-]>a{color:inherit;font-size:inherit;line-height:inherit}.elementor-widget-heading .elementor-heading-title.elementor-size-small{font-size:15px}.elementor-widget-heading .elementor-heading-title.elementor-size-medium{font-size:19px}.elementor-widget-heading .elementor-heading-title.elementor-size-large{font-size:29px}.elementor-widget-heading .elementor-heading-title.elementor-size-xl{font-size:39px}.elementor-widget-heading .elementor-heading-title.elementor-size-xxl{font-size:59px}<\/style><h1 class=\"elementor-heading-title elementor-size-default\">Biodynamic <br>cultivation<\/h1>\t\t<\/div>\n\t\t\t\t<\/div>\n\t\t\t\t\t<\/div>\n\t\t<\/div>\n\t\t\t\t\t\t\t<\/div>\n\t\t<\/section>\n\t\t\t\t<section class=\"elementor-section elementor-top-section elementor-element elementor-element-7ea19e1b elementor-section-full_width elementor-section-height-default elementor-section-height-default\" data-id=\"7ea19e1b\" data-element_type=\"section\" data-settings=\"{&quot;jet_parallax_layout_list&quot;:[{&quot;_id&quot;:&quot;64c94f0&quot;,&quot;jet_parallax_layout_image&quot;:{&quot;url&quot;:&quot;&quot;,&quot;id&quot;:&quot;&quot;},&quot;jet_parallax_layout_image_tablet&quot;:{&quot;url&quot;:&quot;&quot;,&quot;id&quot;:&quot;&quot;},&quot;jet_parallax_layout_image_mobile&quot;:{&quot;url&quot;:&quot;&quot;,&quot;id&quot;:&quot;&quot;},&quot;jet_parallax_layout_speed&quot;:{&quot;unit&quot;:&quot;%&quot;,&quot;size&quot;:50,&quot;sizes&quot;:[]},&quot;jet_parallax_layout_type&quot;:&quot;scroll&quot;,&quot;jet_parallax_layout_direction&quot;:null,&quot;jet_parallax_layout_fx_direction&quot;:null,&quot;jet_parallax_layout_z_index&quot;:&quot;&quot;,&quot;jet_parallax_layout_bg_x&quot;:50,&quot;jet_parallax_layout_bg_x_tablet&quot;:&quot;&quot;,&quot;jet_parallax_layout_bg_x_mobile&quot;:&quot;&quot;,&quot;jet_parallax_layout_bg_y&quot;:50,&quot;jet_parallax_layout_bg_y_tablet&quot;:&quot;&quot;,&quot;jet_parallax_layout_bg_y_mobile&quot;:&quot;&quot;,&quot;jet_parallax_layout_bg_size&quot;:&quot;auto&quot;,&quot;jet_parallax_layout_bg_size_tablet&quot;:&quot;&quot;,&quot;jet_parallax_layout_bg_size_mobile&quot;:&quot;&quot;,&quot;jet_parallax_layout_animation_prop&quot;:&quot;transform&quot;,&quot;jet_parallax_layout_on&quot;:[&quot;desktop&quot;,&quot;tablet&quot;]}]}\">\n\t\t\t\t\t\t<div class=\"elementor-container elementor-column-gap-default\">\n\t\t\t\t\t<div class=\"elementor-column elementor-col-100 elementor-top-column elementor-element elementor-element-5418e458\" data-id=\"5418e458\" data-element_type=\"column\">\n\t\t\t<div class=\"elementor-widget-wrap elementor-element-populated\">\n\t\t\t\t\t\t\t\t<div class=\"elementor-element elementor-element-7eb89aab elementor-widget elementor-widget-spacer\" data-id=\"7eb89aab\" data-element_type=\"widget\" data-widget_type=\"spacer.default\">\n\t\t\t\t\t\t<div class=\"elementor-widget-container\">\n\t\t\t\t\t<div class=\"elementor-spacer\">\n\t\t\t<div class=\"elementor-spacer-inner\"><\/div>\n\t\t<\/div>\n\t\t\t\t<\/div>\n\t\t\t\t<\/div>\n\t\t\t\t\t<\/div>\n\t\t<\/div>\n\t\t\t\t\t\t\t<\/div>\n\t\t<\/section>\n\t\t\t\t<section class=\"elementor-section elementor-top-section elementor-element elementor-element-242c2708 elementor-section-full_width elementor-section-height-default elementor-section-height-default\" data-id=\"242c2708\" data-element_type=\"section\" data-settings=\"{&quot;jet_parallax_layout_list&quot;:[{&quot;_id&quot;:&quot;11f0e34&quot;,&quot;jet_parallax_layout_image&quot;:{&quot;url&quot;:&quot;&quot;,&quot;id&quot;:&quot;&quot;},&quot;jet_parallax_layout_image_tablet&quot;:{&quot;url&quot;:&quot;&quot;,&quot;id&quot;:&quot;&quot;},&quot;jet_parallax_layout_image_mobile&quot;:{&quot;url&quot;:&quot;&quot;,&quot;id&quot;:&quot;&quot;},&quot;jet_parallax_layout_speed&quot;:{&quot;unit&quot;:&quot;%&quot;,&quot;size&quot;:50,&quot;sizes&quot;:[]},&quot;jet_parallax_layout_type&quot;:&quot;scroll&quot;,&quot;jet_parallax_layout_direction&quot;:null,&quot;jet_parallax_layout_fx_direction&quot;:null,&quot;jet_parallax_layout_z_index&quot;:&quot;&quot;,&quot;jet_parallax_layout_bg_x&quot;:50,&quot;jet_parallax_layout_bg_x_tablet&quot;:&quot;&quot;,&quot;jet_parallax_layout_bg_x_mobile&quot;:&quot;&quot;,&quot;jet_parallax_layout_bg_y&quot;:50,&quot;jet_parallax_layout_bg_y_tablet&quot;:&quot;&quot;,&quot;jet_parallax_layout_bg_y_mobile&quot;:&quot;&quot;,&quot;jet_parallax_layout_bg_size&quot;:&quot;auto&quot;,&quot;jet_parallax_layout_bg_size_tablet&quot;:&quot;&quot;,&quot;jet_parallax_layout_bg_size_mobile&quot;:&quot;&quot;,&quot;jet_parallax_layout_animation_prop&quot;:&quot;transform&quot;,&quot;jet_parallax_layout_on&quot;:[&quot;desktop&quot;,&quot;tablet&quot;]}]}\">\n\t\t\t\t\t\t<div class=\"elementor-container elementor-column-gap-default\">\n\t\t\t\t\t<div class=\"elementor-column elementor-col-66 elementor-top-column elementor-element elementor-element-304e6882\" data-id=\"304e6882\" data-element_type=\"column\">\n\t\t\t<div class=\"elementor-widget-wrap elementor-element-populated\">\n\t\t\t\t\t\t\t\t<div class=\"elementor-element elementor-element-164acac0 elementor-widget elementor-widget-text-editor\" data-id=\"164acac0\" data-element_type=\"widget\" data-widget_type=\"text-editor.default\">\n\t\t\t\t\t\t<div class=\"elementor-widget-container\">\n\t\t\t<style>\/*! elementor - v3.5.3 - 28-12-2021 *\/\n.elementor-widget-text-editor.elementor-drop-cap-view-stacked .elementor-drop-cap{background-color:#818a91;color:#fff}.elementor-widget-text-editor.elementor-drop-cap-view-framed .elementor-drop-cap{color:#818a91;border:3px solid;background-color:transparent}.elementor-widget-text-editor:not(.elementor-drop-cap-view-default) .elementor-drop-cap{margin-top:8px}.elementor-widget-text-editor:not(.elementor-drop-cap-view-default) .elementor-drop-cap-letter{width:1em;height:1em}.elementor-widget-text-editor .elementor-drop-cap{float:left;text-align:center;line-height:1;font-size:50px}.elementor-widget-text-editor .elementor-drop-cap-letter{display:inline-block}<\/style>\t\t\t\t<p>Die Natur vereint unser ganzes Schaffen und Denken. Es f\u00e4ngt im Weinberg an \u2013 mit gesunden B\u00f6den, die auf nat\u00fcrliche Art versorgt und ern\u00e4hrt werden, begleitet durch eine Biodynamische Wirtschaftsweise. Wir wollen keinen Raubbau an der Natur betreiben und sehen die Weinberge nicht als Monokultur. F\u00fcr uns sind hohe Begr\u00fcnungsst\u00e4nde Standortbedingt, teilweise einges\u00e4t, teilweise nat\u00fcrlich gewachsen essentiell. So wollen wir der Natur auch wieder etwas zur\u00fcckgeben und sie dadurch erhalten. Dabei ist uns ein \u00f6kologisches Gleichgewicht in den Weinbergen sehr wichtig. Nur so k\u00f6nnen wir gesunde und lagentypische Trauben produzieren.<\/p>\t\t\t\t\t\t<\/div>\n\t\t\t\t<\/div>\n\t\t\t\t\t<\/div>\n\t\t<\/div>\n\t\t\t\t<div class=\"elementor-column elementor-col-33 elementor-top-column elementor-element elementor-element-e113b14\" data-id=\"e113b14\" data-element_type=\"column\">\n\t\t\t<div class=\"elementor-widget-wrap\">\n\t\t\t\t\t\t\t\t\t<\/div>\n\t\t<\/div>\n\t\t\t\t\t\t\t<\/div>\n\t\t<\/section>\n\t\t\t\t<section class=\"elementor-section elementor-top-section elementor-element elementor-element-216c2d4d elementor-section-full_width elementor-section-height-default elementor-section-height-default\" data-id=\"216c2d4d\" data-element_type=\"section\" data-settings=\"{&quot;jet_parallax_layout_list&quot;:[{&quot;_id&quot;:&quot;7949197&quot;,&quot;jet_parallax_layout_image&quot;:{&quot;url&quot;:&quot;&quot;,&quot;id&quot;:&quot;&quot;},&quot;jet_parallax_layout_image_tablet&quot;:{&quot;url&quot;:&quot;&quot;,&quot;id&quot;:&quot;&quot;},&quot;jet_parallax_layout_image_mobile&quot;:{&quot;url&quot;:&quot;&quot;,&quot;id&quot;:&quot;&quot;},&quot;jet_parallax_layout_speed&quot;:{&quot;unit&quot;:&quot;%&quot;,&quot;size&quot;:50,&quot;sizes&quot;:[]},&quot;jet_parallax_layout_type&quot;:&quot;scroll&quot;,&quot;jet_parallax_layout_direction&quot;:null,&quot;jet_parallax_layout_fx_direction&quot;:null,&quot;jet_parallax_layout_z_index&quot;:&quot;&quot;,&quot;jet_parallax_layout_bg_x&quot;:50,&quot;jet_parallax_layout_bg_x_tablet&quot;:&quot;&quot;,&quot;jet_parallax_layout_bg_x_mobile&quot;:&quot;&quot;,&quot;jet_parallax_layout_bg_y&quot;:50,&quot;jet_parallax_layout_bg_y_tablet&quot;:&quot;&quot;,&quot;jet_parallax_layout_bg_y_mobile&quot;:&quot;&quot;,&quot;jet_parallax_layout_bg_size&quot;:&quot;auto&quot;,&quot;jet_parallax_layout_bg_size_tablet&quot;:&quot;&quot;,&quot;jet_parallax_layout_bg_size_mobile&quot;:&quot;&quot;,&quot;jet_parallax_layout_animation_prop&quot;:&quot;transform&quot;,&quot;jet_parallax_layout_on&quot;:[&quot;desktop&quot;,&quot;tablet&quot;]}]}\">\n\t\t\t\t\t\t<div class=\"elementor-container elementor-column-gap-default\">\n\t\t\t\t\t<div class=\"elementor-column elementor-col-66 elementor-top-column elementor-element elementor-element-414eafde\" data-id=\"414eafde\" data-element_type=\"column\">\n\t\t\t<div class=\"elementor-widget-wrap\">\n\t\t\t\t\t\t\t\t\t<\/div>\n\t\t<\/div>\n\t\t\t\t<div class=\"elementor-column elementor-col-33 elementor-top-column elementor-element elementor-element-576021ba\" data-id=\"576021ba\" data-element_type=\"column\">\n\t\t\t<div class=\"elementor-widget-wrap elementor-element-populated\">\n\t\t\t\t\t\t\t\t<div class=\"elementor-element elementor-element-6efa6ce elementor-widget elementor-widget-spacer\" data-id=\"6efa6ce\" data-element_type=\"widget\" data-widget_type=\"spacer.default\">\n\t\t\t\t\t\t<div class=\"elementor-widget-container\">\n\t\t\t\t\t<div class=\"elementor-spacer\">\n\t\t\t<div class=\"elementor-spacer-inner\"><\/div>\n\t\t<\/div>\n\t\t\t\t<\/div>\n\t\t\t\t<\/div>\n\t\t\t\t<div class=\"elementor-element elementor-element-4d1d4570 elementor-widget elementor-widget-image\" data-id=\"4d1d4570\" data-element_type=\"widget\" data-settings=\"{&quot;motion_fx_motion_fx_scrolling&quot;:&quot;yes&quot;,&quot;motion_fx_translateY_effect&quot;:&quot;yes&quot;,&quot;motion_fx_translateY_direction&quot;:&quot;negative&quot;,&quot;motion_fx_translateY_speed&quot;:{&quot;unit&quot;:&quot;px&quot;,&quot;size&quot;:1,&quot;sizes&quot;:[]},&quot;motion_fx_translateY_affectedRange&quot;:{&quot;unit&quot;:&quot;%&quot;,&quot;size&quot;:&quot;&quot;,&quot;sizes&quot;:{&quot;start&quot;:0,&quot;end&quot;:100}},&quot;motion_fx_devices&quot;:[&quot;desktop&quot;,&quot;tablet&quot;,&quot;mobile&quot;]}\" data-widget_type=\"image.default\">\n\t\t\t\t\t\t<div class=\"elementor-widget-container\">\n\t\t\t\t\t\t\t\t\t\t\t\t\t\t\t<img decoding=\"async\" loading=\"lazy\" width=\"1024\" height=\"683\" src=\"https:\/\/seckinger-weine.de\/wp-content\/uploads\/2022\/01\/TW-Seckinger2021-165-scaled-1-1024x683.jpg\" class=\"attachment-large size-large\" alt=\"\" srcset=\"https:\/\/seckinger-weine.de\/wp-content\/uploads\/2022\/01\/TW-Seckinger2021-165-scaled-1-1024x683.jpg 1024w, https:\/\/seckinger-weine.de\/wp-content\/uploads\/2022\/01\/TW-Seckinger2021-165-scaled-1-300x200.jpg 300w, https:\/\/seckinger-weine.de\/wp-content\/uploads\/2022\/01\/TW-Seckinger2021-165-scaled-1-768x512.jpg 768w, https:\/\/seckinger-weine.de\/wp-content\/uploads\/2022\/01\/TW-Seckinger2021-165-scaled-1-1536x1024.jpg 1536w, https:\/\/seckinger-weine.de\/wp-content\/uploads\/2022\/01\/TW-Seckinger2021-165-scaled-1-2048x1366.jpg 2048w, https:\/\/seckinger-weine.de\/wp-content\/uploads\/2022\/01\/TW-Seckinger2021-165-scaled-1-e1643127579752.jpg 1440w\" sizes=\"(max-width: 1024px) 100vw, 1024px\" \/>\t\t\t\t\t\t\t\t\t\t\t\t\t\t\t<\/div>\n\t\t\t\t<\/div>\n\t\t\t\t\t<\/div>\n\t\t<\/div>\n\t\t\t\t\t\t\t<\/div>\n\t\t<\/section>\n\t\t\t\t<section class=\"elementor-section elementor-top-section elementor-element elementor-element-3230f4b5 elementor-section-full_width elementor-section-height-default elementor-section-height-default\" data-id=\"3230f4b5\" data-element_type=\"section\" data-settings=\"{&quot;jet_parallax_layout_list&quot;:[{&quot;_id&quot;:&quot;9f13dfe&quot;,&quot;jet_parallax_layout_image&quot;:{&quot;url&quot;:&quot;&quot;,&quot;id&quot;:&quot;&quot;},&quot;jet_parallax_layout_image_tablet&quot;:{&quot;url&quot;:&quot;&quot;,&quot;id&quot;:&quot;&quot;},&quot;jet_parallax_layout_image_mobile&quot;:{&quot;url&quot;:&quot;&quot;,&quot;id&quot;:&quot;&quot;},&quot;jet_parallax_layout_speed&quot;:{&quot;unit&quot;:&quot;%&quot;,&quot;size&quot;:50,&quot;sizes&quot;:[]},&quot;jet_parallax_layout_type&quot;:&quot;scroll&quot;,&quot;jet_parallax_layout_direction&quot;:null,&quot;jet_parallax_layout_fx_direction&quot;:null,&quot;jet_parallax_layout_z_index&quot;:&quot;&quot;,&quot;jet_parallax_layout_bg_x&quot;:50,&quot;jet_parallax_layout_bg_x_tablet&quot;:&quot;&quot;,&quot;jet_parallax_layout_bg_x_mobile&quot;:&quot;&quot;,&quot;jet_parallax_layout_bg_y&quot;:50,&quot;jet_parallax_layout_bg_y_tablet&quot;:&quot;&quot;,&quot;jet_parallax_layout_bg_y_mobile&quot;:&quot;&quot;,&quot;jet_parallax_layout_bg_size&quot;:&quot;auto&quot;,&quot;jet_parallax_layout_bg_size_tablet&quot;:&quot;&quot;,&quot;jet_parallax_layout_bg_size_mobile&quot;:&quot;&quot;,&quot;jet_parallax_layout_animation_prop&quot;:&quot;transform&quot;,&quot;jet_parallax_layout_on&quot;:[&quot;desktop&quot;,&quot;tablet&quot;]}]}\">\n\t\t\t\t\t\t<div class=\"elementor-container elementor-column-gap-default\">\n\t\t\t\t\t<div class=\"elementor-column elementor-col-100 elementor-top-column elementor-element elementor-element-45a0cb00\" data-id=\"45a0cb00\" data-element_type=\"column\">\n\t\t\t<div class=\"elementor-widget-wrap elementor-element-populated\">\n\t\t\t\t\t\t\t\t<div class=\"elementor-element elementor-element-1c02391c elementor-widget elementor-widget-spacer\" data-id=\"1c02391c\" data-element_type=\"widget\" data-widget_type=\"spacer.default\">\n\t\t\t\t\t\t<div class=\"elementor-widget-container\">\n\t\t\t\t\t<div class=\"elementor-spacer\">\n\t\t\t<div class=\"elementor-spacer-inner\"><\/div>\n\t\t<\/div>\n\t\t\t\t<\/div>\n\t\t\t\t<\/div>\n\t\t\t\t\t<\/div>\n\t\t<\/div>\n\t\t\t\t\t\t\t<\/div>\n\t\t<\/section>\n\t\t\t\t\t\t<\/div>\n\t\t\t\t\t<\/div>","protected":false},"excerpt":{"rendered":"<p>Biodynamische Bewirtschaftung Die Natur vereint unser ganzes Schaffen und Denken. Es f\u00e4ngt im Weinberg an \u2013 mit gesunden B\u00f6den, die auf nat\u00fcrliche Art versorgt und ern\u00e4hrt werden, begleitet durch eine Biodynamische Wirtschaftsweise. Wir wollen keinen Raubbau an der Natur betreiben und sehen die Weinberge nicht als Monokultur. F\u00fcr uns sind hohe Begr\u00fcnungsst\u00e4nde Standortbedingt, teilweise einges\u00e4t, &hellip;<\/p>\n<p class=\"read-more\"> <a class=\"\" href=\"https:\/\/seckinger-weine.de\/en\/kategorie\/biodynamische-bewirtschaftung\/\"> <span class=\"screen-reader-text\">Biodynamische Bewirtschaftung<\/span> Read More &raquo;<\/a><\/p>","protected":false},"author":1,"featured_media":0,"comment_status":"closed","ping_status":"closed","sticky":false,"template":"","format":"standard","meta":{"site-sidebar-layout":"no-sidebar","site-content-layout":"page-builder","ast-main-header-display":"","ast-hfb-above-header-display":"","ast-hfb-below-header-display":"","ast-hfb-mobile-header-display":"","site-post-title":"","ast-breadcrumbs-content":"","ast-featured-img":"","footer-sml-layout":"","theme-transparent-header-meta":"","adv-header-id-meta":"","stick-header-meta":"","header-above-stick-meta":"","header-main-stick-meta":"","header-below-stick-meta":"","footnotes":""},"categories":[1],"tags":[],"yoast_head":"<!-- This site is optimized with the Yoast SEO plugin v17.9 - https:\/\/yoast.com\/wordpress\/plugins\/seo\/ -->\n<title>Biodynamische Bewirtschaftung - Weingut Seckinger \u2013 Niederkirchen \/ Pfalz<\/title>\n<meta name=\"robots\" content=\"noindex, follow\" \/>\n<meta property=\"og:locale\" content=\"en_US\" \/>\n<meta property=\"og:type\" content=\"article\" \/>\n<meta property=\"og:title\" content=\"Biodynamische Bewirtschaftung - Weingut Seckinger \u2013 Niederkirchen \/ Pfalz\" \/>\n<meta property=\"og:description\" content=\"Biodynamische Bewirtschaftung Die Natur vereint unser ganzes Schaffen und Denken. Es f\u00e4ngt im Weinberg an \u2013 mit gesunden B\u00f6den, die auf nat\u00fcrliche Art versorgt und ern\u00e4hrt werden, begleitet durch eine Biodynamische Wirtschaftsweise. Wir wollen keinen Raubbau an der Natur betreiben und sehen die Weinberge nicht als Monokultur. F\u00fcr uns sind hohe Begr\u00fcnungsst\u00e4nde Standortbedingt, teilweise einges\u00e4t, &hellip; Biodynamische Bewirtschaftung Read More &raquo;\" \/>\n<meta property=\"og:url\" content=\"https:\/\/seckinger-weine.de\/en\/kategorie\/biodynamische-bewirtschaftung\/\" \/>\n<meta property=\"og:site_name\" content=\"Weingut Seckinger \u2013 Niederkirchen \/ Pfalz\" \/>\n<meta property=\"article:publisher\" content=\"https:\/\/www.facebook.com\/weingut.seckinger\" \/>\n<meta property=\"article:published_time\" content=\"2022-01-18T10:40:48+00:00\" \/>\n<meta property=\"article:modified_time\" content=\"2022-01-31T09:27:35+00:00\" \/>\n<meta property=\"og:image\" content=\"https:\/\/seckinger-weine.de\/wp-content\/uploads\/2022\/01\/TW-Seckinger2021-503-1024x683.jpeg\" \/>\n<meta name=\"twitter:card\" content=\"summary_large_image\" \/>\n<meta name=\"twitter:label1\" content=\"Written by\" \/>\n\t<meta name=\"twitter:data1\" content=\"konrad\" \/>\n\t<meta name=\"twitter:label2\" content=\"Est. reading time\" \/>\n\t<meta name=\"twitter:data2\" content=\"1 minute\" \/>\n<script type=\"application\/ld+json\" class=\"yoast-schema-graph\">{\"@context\":\"https:\/\/schema.org\",\"@graph\":[{\"@type\":\"Organization\",\"@id\":\"https:\/\/seckinger-weine.de\/#organization\",\"name\":\"Weingut Josef Seckinger\",\"url\":\"https:\/\/seckinger-weine.de\/\",\"sameAs\":[\"https:\/\/www.facebook.com\/weingut.seckinger\"],\"logo\":{\"@type\":\"ImageObject\",\"@id\":\"https:\/\/seckinger-weine.de\/#logo\",\"inLanguage\":\"en-US\",\"url\":\"https:\/\/seckinger-weine.de\/wp-content\/uploads\/2021\/11\/seckinger-logo.svg\",\"contentUrl\":\"https:\/\/seckinger-weine.de\/wp-content\/uploads\/2021\/11\/seckinger-logo.svg\",\"width\":156.586000000000012732925824820995330810546875,\"height\":71.13200000000000500222085975110530853271484375,\"caption\":\"Weingut Josef Seckinger\"},\"image\":{\"@id\":\"https:\/\/seckinger-weine.de\/#logo\"}},{\"@type\":\"WebSite\",\"@id\":\"https:\/\/seckinger-weine.de\/#website\",\"url\":\"https:\/\/seckinger-weine.de\/\",\"name\":\"Weingut Seckinger \\u2013 Niederkirchen \/ Pfalz\",\"description\":\"Weine aus den besten Lagen der Mittelhaardt\",\"publisher\":{\"@id\":\"https:\/\/seckinger-weine.de\/#organization\"},\"potentialAction\":[{\"@type\":\"SearchAction\",\"target\":{\"@type\":\"EntryPoint\",\"urlTemplate\":\"https:\/\/seckinger-weine.de\/?s={search_term_string}\"},\"query-input\":\"required name=search_term_string\"}],\"inLanguage\":\"en-US\"},{\"@type\":\"ImageObject\",\"@id\":\"https:\/\/seckinger-weine.de\/kategorie\/biodynamische-bewirtschaftung\/#primaryimage\",\"inLanguage\":\"en-US\",\"url\":\"https:\/\/seckinger-weine.de\/wp-content\/uploads\/2022\/01\/TW-Seckinger2021-503.jpeg\",\"contentUrl\":\"https:\/\/seckinger-weine.de\/wp-content\/uploads\/2022\/01\/TW-Seckinger2021-503.jpeg\",\"width\":1920,\"height\":1280},{\"@type\":\"WebPage\",\"@id\":\"https:\/\/seckinger-weine.de\/kategorie\/biodynamische-bewirtschaftung\/#webpage\",\"url\":\"https:\/\/seckinger-weine.de\/kategorie\/biodynamische-bewirtschaftung\/\",\"name\":\"Biodynamische Bewirtschaftung - Weingut Seckinger \\u2013 Niederkirchen \/ Pfalz\",\"isPartOf\":{\"@id\":\"https:\/\/seckinger-weine.de\/#website\"},\"primaryImageOfPage\":{\"@id\":\"https:\/\/seckinger-weine.de\/kategorie\/biodynamische-bewirtschaftung\/#primaryimage\"},\"datePublished\":\"2022-01-18T10:40:48+00:00\",\"dateModified\":\"2022-01-31T09:27:35+00:00\",\"breadcrumb\":{\"@id\":\"https:\/\/seckinger-weine.de\/kategorie\/biodynamische-bewirtschaftung\/#breadcrumb\"},\"inLanguage\":\"en-US\",\"potentialAction\":[{\"@type\":\"ReadAction\",\"target\":[\"https:\/\/seckinger-weine.de\/kategorie\/biodynamische-bewirtschaftung\/\"]}]},{\"@type\":\"BreadcrumbList\",\"@id\":\"https:\/\/seckinger-weine.de\/kategorie\/biodynamische-bewirtschaftung\/#breadcrumb\",\"itemListElement\":[{\"@type\":\"ListItem\",\"position\":1,\"name\":\"Startseite\",\"item\":\"https:\/\/seckinger-weine.de\/\"},{\"@type\":\"ListItem\",\"position\":2,\"name\":\"Biodynamische Bewirtschaftung\"}]},{\"@type\":\"Article\",\"@id\":\"https:\/\/seckinger-weine.de\/kategorie\/biodynamische-bewirtschaftung\/#article\",\"isPartOf\":{\"@id\":\"https:\/\/seckinger-weine.de\/kategorie\/biodynamische-bewirtschaftung\/#webpage\"},\"author\":{\"@id\":\"https:\/\/seckinger-weine.de\/#\/schema\/person\/6aa7f3e0e562ecf8a4d4cc85ac7df54a\"},\"headline\":\"Biodynamische Bewirtschaftung\",\"datePublished\":\"2022-01-18T10:40:48+00:00\",\"dateModified\":\"2022-01-31T09:27:35+00:00\",\"mainEntityOfPage\":{\"@id\":\"https:\/\/seckinger-weine.de\/kategorie\/biodynamische-bewirtschaftung\/#webpage\"},\"wordCount\":104,\"publisher\":{\"@id\":\"https:\/\/seckinger-weine.de\/#organization\"},\"image\":{\"@id\":\"https:\/\/seckinger-weine.de\/kategorie\/biodynamische-bewirtschaftung\/#primaryimage\"},\"thumbnailUrl\":\"https:\/\/seckinger-weine.de\/wp-content\/uploads\/2022\/01\/TW-Seckinger2021-503-1024x683.jpeg\",\"articleSection\":[\"kategorie\"],\"inLanguage\":\"en-US\"},{\"@type\":\"Person\",\"@id\":\"https:\/\/seckinger-weine.de\/#\/schema\/person\/6aa7f3e0e562ecf8a4d4cc85ac7df54a\",\"name\":\"konrad\",\"image\":{\"@type\":\"ImageObject\",\"@id\":\"https:\/\/seckinger-weine.de\/#personlogo\",\"inLanguage\":\"en-US\",\"url\":\"https:\/\/secure.gravatar.com\/avatar\/90d00fadf266db0f624ab00f43ba9a8c?s=96&d=mm&r=g\",\"contentUrl\":\"https:\/\/secure.gravatar.com\/avatar\/90d00fadf266db0f624ab00f43ba9a8c?s=96&d=mm&r=g\",\"caption\":\"konrad\"},\"sameAs\":[\"https:\/\/seckinger-weine.de\/\"]}]}<\/script>\n<!-- \/ Yoast SEO plugin. -->","yoast_head_json":{"title":"Biodynamische Bewirtschaftung - Weingut Seckinger \u2013 Niederkirchen \/ Pfalz","robots":{"index":"noindex","follow":"follow"},"og_locale":"en_US","og_type":"article","og_title":"Biodynamische Bewirtschaftung - Weingut Seckinger \u2013 Niederkirchen \/ Pfalz","og_description":"Biodynamische Bewirtschaftung Die Natur vereint unser ganzes Schaffen und Denken. Es f\u00e4ngt im Weinberg an \u2013 mit gesunden B\u00f6den, die auf nat\u00fcrliche Art versorgt und ern\u00e4hrt werden, begleitet durch eine Biodynamische Wirtschaftsweise. Wir wollen keinen Raubbau an der Natur betreiben und sehen die Weinberge nicht als Monokultur. F\u00fcr uns sind hohe Begr\u00fcnungsst\u00e4nde Standortbedingt, teilweise einges\u00e4t, &hellip; Biodynamische Bewirtschaftung Read More &raquo;","og_url":"https:\/\/seckinger-weine.de\/en\/kategorie\/biodynamische-bewirtschaftung\/","og_site_name":"Weingut Seckinger \u2013 Niederkirchen \/ Pfalz","article_publisher":"https:\/\/www.facebook.com\/weingut.seckinger","article_published_time":"2022-01-18T10:40:48+00:00","article_modified_time":"2022-01-31T09:27:35+00:00","og_image":[{"url":"https:\/\/seckinger-weine.de\/wp-content\/uploads\/2022\/01\/TW-Seckinger2021-503-1024x683.jpeg"}],"twitter_card":"summary_large_image","twitter_misc":{"Written by":"konrad","Est. reading time":"1 minute"},"schema":{"@context":"https:\/\/schema.org","@graph":[{"@type":"Organization","@id":"https:\/\/seckinger-weine.de\/#organization","name":"Weingut Josef Seckinger","url":"https:\/\/seckinger-weine.de\/","sameAs":["https:\/\/www.facebook.com\/weingut.seckinger"],"logo":{"@type":"ImageObject","@id":"https:\/\/seckinger-weine.de\/#logo","inLanguage":"en-US","url":"https:\/\/seckinger-weine.de\/wp-content\/uploads\/2021\/11\/seckinger-logo.svg","contentUrl":"https:\/\/seckinger-weine.de\/wp-content\/uploads\/2021\/11\/seckinger-logo.svg","width":156.586000000000012732925824820995330810546875,"height":71.13200000000000500222085975110530853271484375,"caption":"Weingut Josef Seckinger"},"image":{"@id":"https:\/\/seckinger-weine.de\/#logo"}},{"@type":"WebSite","@id":"https:\/\/seckinger-weine.de\/#website","url":"https:\/\/seckinger-weine.de\/","name":"Weingut Seckinger \u2013 Niederkirchen \/ Pfalz","description":"Weine aus den besten Lagen der Mittelhaardt","publisher":{"@id":"https:\/\/seckinger-weine.de\/#organization"},"potentialAction":[{"@type":"SearchAction","target":{"@type":"EntryPoint","urlTemplate":"https:\/\/seckinger-weine.de\/?s={search_term_string}"},"query-input":"required name=search_term_string"}],"inLanguage":"en-US"},{"@type":"ImageObject","@id":"https:\/\/seckinger-weine.de\/kategorie\/biodynamische-bewirtschaftung\/#primaryimage","inLanguage":"en-US","url":"https:\/\/seckinger-weine.de\/wp-content\/uploads\/2022\/01\/TW-Seckinger2021-503.jpeg","contentUrl":"https:\/\/seckinger-weine.de\/wp-content\/uploads\/2022\/01\/TW-Seckinger2021-503.jpeg","width":1920,"height":1280},{"@type":"WebPage","@id":"https:\/\/seckinger-weine.de\/kategorie\/biodynamische-bewirtschaftung\/#webpage","url":"https:\/\/seckinger-weine.de\/kategorie\/biodynamische-bewirtschaftung\/","name":"Biodynamische Bewirtschaftung - Weingut Seckinger \u2013 Niederkirchen \/ Pfalz","isPartOf":{"@id":"https:\/\/seckinger-weine.de\/#website"},"primaryImageOfPage":{"@id":"https:\/\/seckinger-weine.de\/kategorie\/biodynamische-bewirtschaftung\/#primaryimage"},"datePublished":"2022-01-18T10:40:48+00:00","dateModified":"2022-01-31T09:27:35+00:00","breadcrumb":{"@id":"https:\/\/seckinger-weine.de\/kategorie\/biodynamische-bewirtschaftung\/#breadcrumb"},"inLanguage":"en-US","potentialAction":[{"@type":"ReadAction","target":["https:\/\/seckinger-weine.de\/kategorie\/biodynamische-bewirtschaftung\/"]}]},{"@type":"BreadcrumbList","@id":"https:\/\/seckinger-weine.de\/kategorie\/biodynamische-bewirtschaftung\/#breadcrumb","itemListElement":[{"@type":"ListItem","position":1,"name":"Startseite","item":"https:\/\/seckinger-weine.de\/"},{"@type":"ListItem","position":2,"name":"Biodynamische Bewirtschaftung"}]},{"@type":"Article","@id":"https:\/\/seckinger-weine.de\/kategorie\/biodynamische-bewirtschaftung\/#article","isPartOf":{"@id":"https:\/\/seckinger-weine.de\/kategorie\/biodynamische-bewirtschaftung\/#webpage"},"author":{"@id":"https:\/\/seckinger-weine.de\/#\/schema\/person\/6aa7f3e0e562ecf8a4d4cc85ac7df54a"},"headline":"Biodynamische Bewirtschaftung","datePublished":"2022-01-18T10:40:48+00:00","dateModified":"2022-01-31T09:27:35+00:00","mainEntityOfPage":{"@id":"https:\/\/seckinger-weine.de\/kategorie\/biodynamische-bewirtschaftung\/#webpage"},"wordCount":104,"publisher":{"@id":"https:\/\/seckinger-weine.de\/#organization"},"image":{"@id":"https:\/\/seckinger-weine.de\/kategorie\/biodynamische-bewirtschaftung\/#primaryimage"},"thumbnailUrl":"https:\/\/seckinger-weine.de\/wp-content\/uploads\/2022\/01\/TW-Seckinger2021-503-1024x683.jpeg","articleSection":["kategorie"],"inLanguage":"en-US"},{"@type":"Person","@id":"https:\/\/seckinger-weine.de\/#\/schema\/person\/6aa7f3e0e562ecf8a4d4cc85ac7df54a","name":"konrad","image":{"@type":"ImageObject","@id":"https:\/\/seckinger-weine.de\/#personlogo","inLanguage":"en-US","url":"https:\/\/secure.gravatar.com\/avatar\/90d00fadf266db0f624ab00f43ba9a8c?s=96&d=mm&r=g","contentUrl":"https:\/\/secure.gravatar.com\/avatar\/90d00fadf266db0f624ab00f43ba9a8c?s=96&d=mm&r=g","caption":"konrad"},"sameAs":["https:\/\/seckinger-weine.de\/"]}]}},"_links":{"self":[{"href":"https:\/\/seckinger-weine.de\/en\/wp-json\/wp\/v2\/posts\/172"}],"collection":[{"href":"https:\/\/seckinger-weine.de\/en\/wp-json\/wp\/v2\/posts"}],"about":[{"href":"https:\/\/seckinger-weine.de\/en\/wp-json\/wp\/v2\/types\/post"}],"author":[{"embeddable":true,"href":"https:\/\/seckinger-weine.de\/en\/wp-json\/wp\/v2\/users\/1"}],"replies":[{"embeddable":true,"href":"https:\/\/seckinger-weine.de\/en\/wp-json\/wp\/v2\/comments?post=172"}],"version-history":[{"count":1,"href":"https:\/\/seckinger-weine.de\/en\/wp-json\/wp\/v2\/posts\/172\/revisions"}],"predecessor-version":[{"id":3339,"href":"https:\/\/seckinger-weine.de\/en\/wp-json\/wp\/v2\/posts\/172\/revisions\/3339"}],"wp:attachment":[{"href":"https:\/\/seckinger-weine.de\/en\/wp-json\/wp\/v2\/media?parent=172"}],"wp:term":[{"taxonomy":"category","embeddable":true,"href":"https:\/\/seckinger-weine.de\/en\/wp-json\/wp\/v2\/categories?post=172"},{"taxonomy":"post_tag","embeddable":true,"href":"https:\/\/seckinger-weine.de\/en\/wp-json\/wp\/v2\/tags?post=172"}],"curies":[{"name":"wp","href":"https:\/\/api.w.org\/{rel}","templated":true}]}}